{"id":24306,"date":"2025-09-11T11:20:19","date_gmt":"2025-09-11T09:20:19","guid":{"rendered":"https:\/\/www.lacroixvalmertourisme.com\/?p=24306"},"modified":"2026-03-02T16:51:30","modified_gmt":"2026-03-02T15:51:30","slug":"rencontre-avec-audrey-fondatrice-des-editions-bisous","status":"publish","type":"post","link":"https:\/\/www.lacroixvalmertourisme.com\/fr\/rencontre-avec-audrey-fondatrice-des-editions-bisous","title":{"rendered":"Rencontre avec Audrey &#8211; Fondatrice des \u00c9ditions Bisous"},"content":{"rendered":"\n<div class=\"wp-block-group is-layout-constrained wp-block-group-is-layout-constrained\">\n<p class=\"wp-block-paragraph\">En 2019, Audrey se lance dans l\u2019entrepreneuriat. Mais \u00e0 peine un an plus tard, la crise sanitaire du Covid-19 bouleverse ses projets. Plut\u00f4t que de subir, elle d\u00e9cide de se r\u00e9inventer en lan\u00e7ant Les \u00c9ditions Bisous, une marque d\u2019illustrations ensoleill\u00e9es qui rend hommage au Var et au Sud de la France.<\/p>\n\n\n\n<p class=\"wp-block-paragraph\">Pourquoi <em>Bisous <\/em>? Parce que ce mot simple \u00e9voque une <strong>preuve d\u2019amour universelle<\/strong>.<\/p>\n\n\n\n<blockquote class=\"wp-block-quote is-layout-flow wp-block-quote-is-layout-flow\" style=\"margin-top:var(--wp--preset--spacing--80);margin-bottom:var(--wp--preset--spacing--80)\">\n<p class=\"wp-block-paragraph\">C\u2019est moins intime qu\u2019un \u201cje t\u2019aime\u201d, mais \u00e7a traduit une proximit\u00e9, une douceur, une affection qui me tiennent \u00e0 c\u0153ur.<\/p>\n<\/blockquote>\n\n\n\n<p class=\"wp-block-paragraph\">Son objectif ? <strong>Mettre en avant la beaut\u00e9 de notre r\u00e9gion<\/strong> \u00e0 travers des visuels \u00e9pur\u00e9s et lumineux, capables de r\u00e9veiller des souvenirs et des \u00e9motions.<\/p>\n\n\n\n<blockquote class=\"wp-block-quote is-layout-flow wp-block-quote-is-layout-flow\" style=\"margin-top:var(--wp--preset--spacing--80);margin-bottom:var(--wp--preset--spacing--80)\">\n<p class=\"wp-block-paragraph\">Je veux que les gens se disent en regardant mes illustrations : <em>Moi, j\u2019ai pass\u00e9 toute mon enfance ici<\/em>.<\/p>\n<\/blockquote>\n\n\n\n<p class=\"wp-block-paragraph\">Ses cr\u00e9ations repr\u00e9sentent la <strong>douceur <\/strong>de nos paysages, les <strong>cocons<\/strong> dans lesquels beaucoup d\u2019entre nous ont grandi, des bulles de <strong>bien-\u00eatre<\/strong>. De v\u00e9ritables <strong>Madeleines de Proust<\/strong> \u00e0 afficher chez soi.<\/p>\n\n\n\n<p class=\"wp-block-paragraph\">Audrey travaille toujours \u00e0 main lev\u00e9e, en s\u2019impr\u00e9gnant des lieux qu\u2019elle illustre. Pas de pr\u00e9paration, pas de longues recherches : c\u2019est <strong>le ressenti imm\u00e9diat<\/strong> qui guide son trait.<\/p>\n\n\n\n<blockquote class=\"wp-block-quote is-layout-flow wp-block-quote-is-layout-flow\" style=\"margin-top:var(--wp--preset--spacing--80);margin-bottom:var(--wp--preset--spacing--80)\">\n<p class=\"wp-block-paragraph\">Quand j\u2019arrive sur un lieu, je le photographie et l\u2019observe. C\u2019est le ressenti \u00e0 l\u2019instant T qui compte.<\/p>\n<\/blockquote>\n\n\n\n<p class=\"wp-block-paragraph\">Ses dessins ne repr\u00e9sentent jamais de personnages, laissant \u00e0 chacun la<strong> libert\u00e9<\/strong> d\u2019y projeter ses propres souvenirs. Tous partagent cependant un fil conducteur : la pr\u00e9sence du <strong>soleil<\/strong> : cette \u00ab boule irr\u00e9guli\u00e8re \u00bb qui incarne la <strong>lumi\u00e8re<\/strong> et la <strong>chaleur<\/strong> du Sud. <\/p>\n\n\n\n<p class=\"wp-block-paragraph\">Cette ann\u00e9e, Audrey franchit une nouvelle \u00e9tape en exposant pour la toute premi\u00e8re fois et d\u2019autant plus \u00e0 la <strong>Villa Turquoise &#8211; La Croix Valmer jusqu\u2019au 28 septembre.<\/strong> Une exp\u00e9rience forte en \u00e9motions, teint\u00e9e du \u00ab syndrome de l\u2019imposteur \u00bb, mais vite balay\u00e9e par les retours enthousiastes du public lors du vernissage de samedi dernier.<\/p>\n\n\n\n<blockquote class=\"wp-block-quote is-layout-flow wp-block-quote-is-layout-flow\" style=\"margin-top:var(--wp--preset--spacing--80);margin-bottom:var(--wp--preset--spacing--80)\">\n<p class=\"wp-block-paragraph\">Je me suis demand\u00e9e si j\u2019avais ma place dans une salle d\u2019exposition. Finalement, les visiteurs m\u2019ont montr\u00e9 que mes illustrations les touchaient vraiment.<\/p>\n<\/blockquote>\n\n\n\n<p class=\"wp-block-paragraph\"><strong>Ses produits sont accessibles \u00e0 tous<\/strong>, sans tirage num\u00e9rot\u00e9 et disponibles \u00e0 la vente sur place (jusqu\u2019au 28\/09) ou en commande en ligne (<a href=\"https:\/\/leseditionsbisous.com\/\">https:\/\/leseditionsbisous.com\/<\/a>)<\/p>\n\n\n\n<p class=\"wp-block-paragraph\">Vous pouvez \u00e9galement les retrouver aupr\u00e8s des boutiques revendeurs comme aux Printemps de Toulon et V\u00e9lizy \u00e0 Paris, les librairies Charlemagne ou Concepts Stores.<\/p>\n\n\n\n<p class=\"wp-block-paragraph\">\u00c0 travers ses illustrations solaires, Audrey nous rappelle une chose essentielle :<\/p>\n\n\n\n<figure class=\"wp-block-pullquote\" style=\"margin-top:var(--wp--preset--spacing--80);margin-bottom:var(--wp--preset--spacing--80)\"><blockquote><p><strong>La vie est belle dans le Sud.<\/strong><\/p><cite><strong>XOXO<\/strong><\/cite><\/blockquote><\/figure>\n<\/div>\n","protected":false},"excerpt":{"rendered":"<p>En 2019, Audrey se lance dans l\u2019entrepreneuriat. Mais \u00e0 peine un an plus tard, la crise sanitaire du Covid-19 bouleverse ses projets. Plut\u00f4t que de subir, elle d\u00e9cide de se r\u00e9inventer en lan\u00e7ant Les \u00c9ditions Bisous, une marque d\u2019illustrations ensoleill\u00e9es qui rend hommage au Var et au Sud de la France. Pourquoi Bisous ? Parce&#8230;<\/p>\n","protected":false},"author":4,"featured_media":24307,"comment_status":"open","ping_status":"open","sticky":false,"template":"","format":"standard","meta":{"_acf_changed":false,"_crdt_document":"","footnotes":""},"categories":[39],"tags":[],"class_list":["post-24306","post","type-post","status-publish","format-standard","has-post-thumbnail","hentry","category-blog"],"acf":{"title_alignement":""},"yoast_head":"<!-- This site is optimized with the Yoast SEO plugin v27.5 - https:\/\/yoast.com\/product\/yoast-seo-wordpress\/ -->\n<title>Rencontre avec Audrey - Fondatrice des \u00c9ditions Bisous - La Croix-Valmer Tourisme<\/title>\n<meta name=\"description\" content=\"Rencontre avec Audrey - Fondatrice des \u00c9ditions Bisous interview office du tourisme la croix valmer art Villa Turquoise\" \/>\n<meta name=\"robots\" content=\"index, follow, max-snippet:-1, max-image-preview:large, max-video-preview:-1\" \/>\n<link rel=\"canonical\" href=\"https:\/\/www.lacroixvalmertourisme.com\/fr\/rencontre-avec-audrey-fondatrice-des-editions-bisous\" \/>\n<meta property=\"og:locale\" content=\"fr_FR\" \/>\n<meta property=\"og:type\" content=\"article\" \/>\n<meta property=\"og:title\" content=\"Rencontre avec Audrey - Fondatrice des \u00c9ditions Bisous - La Croix-Valmer Tourisme\" \/>\n<meta property=\"og:description\" content=\"Rencontre avec Audrey - Fondatrice des \u00c9ditions Bisous interview office du tourisme la croix valmer art Villa Turquoise\" \/>\n<meta property=\"og:url\" content=\"https:\/\/www.lacroixvalmertourisme.com\/fr\/rencontre-avec-audrey-fondatrice-des-editions-bisous\" \/>\n<meta property=\"og:site_name\" content=\"La Croix-Valmer Tourisme\" \/>\n<meta property=\"article:publisher\" content=\"https:\/\/www.facebook.com\/lacroixvalmertourisme\/\" \/>\n<meta property=\"article:published_time\" content=\"2025-09-11T09:20:19+00:00\" \/>\n<meta property=\"article:modified_time\" content=\"2026-03-02T15:51:30+00:00\" \/>\n<meta property=\"og:image\" content=\"https:\/\/www.lacroixvalmertourisme.com\/wp-content\/uploads\/2025\/09\/1.png\" \/>\n\t<meta property=\"og:image:width\" content=\"1080\" \/>\n\t<meta property=\"og:image:height\" content=\"1350\" \/>\n\t<meta property=\"og:image:type\" content=\"image\/png\" \/>\n<meta name=\"author\" content=\"Juliette Piotrowski\" \/>\n<meta name=\"twitter:card\" content=\"summary_large_image\" \/>\n<meta name=\"twitter:creator\" content=\"@La_Croix_Valmer\" \/>\n<meta name=\"twitter:site\" content=\"@La_Croix_Valmer\" \/>\n<meta name=\"twitter:label1\" content=\"\u00c9crit par\" \/>\n\t<meta name=\"twitter:data1\" content=\"Juliette Piotrowski\" \/>\n\t<meta name=\"twitter:label2\" content=\"Dur\u00e9e de lecture estim\u00e9e\" \/>\n\t<meta name=\"twitter:data2\" content=\"2 minutes\" \/>\n<!-- \/ Yoast SEO plugin. -->","yoast_head_json":{"title":"Rencontre avec Audrey - Fondatrice des \u00c9ditions Bisous - La Croix-Valmer Tourisme","description":"Rencontre avec Audrey - Fondatrice des \u00c9ditions Bisous interview office du tourisme la croix valmer art Villa Turquoise","robots":{"index":"index","follow":"follow","max-snippet":"max-snippet:-1","max-image-preview":"max-image-preview:large","max-video-preview":"max-video-preview:-1"},"canonical":"https:\/\/www.lacroixvalmertourisme.com\/fr\/rencontre-avec-audrey-fondatrice-des-editions-bisous","og_locale":"fr_FR","og_type":"article","og_title":"Rencontre avec Audrey - Fondatrice des \u00c9ditions Bisous - La Croix-Valmer Tourisme","og_description":"Rencontre avec Audrey - Fondatrice des \u00c9ditions Bisous interview office du tourisme la croix valmer art Villa Turquoise","og_url":"https:\/\/www.lacroixvalmertourisme.com\/fr\/rencontre-avec-audrey-fondatrice-des-editions-bisous","og_site_name":"La Croix-Valmer Tourisme","article_publisher":"https:\/\/www.facebook.com\/lacroixvalmertourisme\/","article_published_time":"2025-09-11T09:20:19+00:00","article_modified_time":"2026-03-02T15:51:30+00:00","og_image":[{"width":1080,"height":1350,"url":"https:\/\/www.lacroixvalmertourisme.com\/wp-content\/uploads\/2025\/09\/1.png","type":"image\/png"}],"author":"Juliette Piotrowski","twitter_card":"summary_large_image","twitter_creator":"@La_Croix_Valmer","twitter_site":"@La_Croix_Valmer","twitter_misc":{"\u00c9crit par":"Juliette Piotrowski","Dur\u00e9e de lecture estim\u00e9e":"2 minutes"},"schema":{"@context":"https:\/\/schema.org","@graph":[{"@type":"Article","@id":"https:\/\/www.lacroixvalmertourisme.com\/fr\/rencontre-avec-audrey-fondatrice-des-editions-bisous#article","isPartOf":{"@id":"https:\/\/www.lacroixvalmertourisme.com\/fr\/rencontre-avec-audrey-fondatrice-des-editions-bisous"},"author":{"name":"Juliette Piotrowski","@id":"https:\/\/www.lacroixvalmertourisme.com\/fr\/#\/schema\/person\/44310c213be76e8f02a9ae1dedf46eb4"},"headline":"Rencontre avec Audrey &#8211; Fondatrice des \u00c9ditions Bisous","datePublished":"2025-09-11T09:20:19+00:00","dateModified":"2026-03-02T15:51:30+00:00","mainEntityOfPage":{"@id":"https:\/\/www.lacroixvalmertourisme.com\/fr\/rencontre-avec-audrey-fondatrice-des-editions-bisous"},"wordCount":432,"commentCount":0,"publisher":{"@id":"https:\/\/www.lacroixvalmertourisme.com\/fr\/#organization"},"image":{"@id":"https:\/\/www.lacroixvalmertourisme.com\/fr\/rencontre-avec-audrey-fondatrice-des-editions-bisous#primaryimage"},"thumbnailUrl":"https:\/\/www.lacroixvalmertourisme.com\/wp-content\/uploads\/2025\/09\/1.png","articleSection":["Blog"],"inLanguage":"fr-FR","potentialAction":[{"@type":"CommentAction","name":"Comment","target":["https:\/\/www.lacroixvalmertourisme.com\/fr\/rencontre-avec-audrey-fondatrice-des-editions-bisous#respond"]}]},{"@type":"WebPage","@id":"https:\/\/www.lacroixvalmertourisme.com\/fr\/rencontre-avec-audrey-fondatrice-des-editions-bisous","url":"https:\/\/www.lacroixvalmertourisme.com\/fr\/rencontre-avec-audrey-fondatrice-des-editions-bisous","name":"Rencontre avec Audrey - Fondatrice des \u00c9ditions Bisous - La Croix-Valmer Tourisme","isPartOf":{"@id":"https:\/\/www.lacroixvalmertourisme.com\/fr\/#website"},"primaryImageOfPage":{"@id":"https:\/\/www.lacroixvalmertourisme.com\/fr\/rencontre-avec-audrey-fondatrice-des-editions-bisous#primaryimage"},"image":{"@id":"https:\/\/www.lacroixvalmertourisme.com\/fr\/rencontre-avec-audrey-fondatrice-des-editions-bisous#primaryimage"},"thumbnailUrl":"https:\/\/www.lacroixvalmertourisme.com\/wp-content\/uploads\/2025\/09\/1.png","datePublished":"2025-09-11T09:20:19+00:00","dateModified":"2026-03-02T15:51:30+00:00","description":"Rencontre avec Audrey - Fondatrice des \u00c9ditions Bisous interview office du tourisme la croix valmer art Villa Turquoise","breadcrumb":{"@id":"https:\/\/www.lacroixvalmertourisme.com\/fr\/rencontre-avec-audrey-fondatrice-des-editions-bisous#breadcrumb"},"inLanguage":"fr-FR","potentialAction":[{"@type":"ReadAction","target":["https:\/\/www.lacroixvalmertourisme.com\/fr\/rencontre-avec-audrey-fondatrice-des-editions-bisous"]}]},{"@type":"ImageObject","inLanguage":"fr-FR","@id":"https:\/\/www.lacroixvalmertourisme.com\/fr\/rencontre-avec-audrey-fondatrice-des-editions-bisous#primaryimage","url":"https:\/\/www.lacroixvalmertourisme.com\/wp-content\/uploads\/2025\/09\/1.png","contentUrl":"https:\/\/www.lacroixvalmertourisme.com\/wp-content\/uploads\/2025\/09\/1.png","width":1080,"height":1350,"caption":"Photo d'une affiche r\u00e9alis\u00e9e par Les Editions Bisous. C'est un dessin de la plage Sylvabelle de la Croix Valmer"},{"@type":"BreadcrumbList","@id":"https:\/\/www.lacroixvalmertourisme.com\/fr\/rencontre-avec-audrey-fondatrice-des-editions-bisous#breadcrumb","itemListElement":[{"@type":"ListItem","position":1,"name":"Accueil","item":"https:\/\/www.lacroixvalmertourisme.com\/fr"},{"@type":"ListItem","position":2,"name":"Rencontre avec Audrey &#8211; Fondatrice des \u00c9ditions Bisous"}]},{"@type":"WebSite","@id":"https:\/\/www.lacroixvalmertourisme.com\/fr\/#website","url":"https:\/\/www.lacroixvalmertourisme.com\/fr\/","name":"La Croix-Valmer Tourisme","description":"Toutes les informations touristiques pour organiser votre prochain s\u00e9jour \u00e0 La Croix Valmer dans le Golfe de Saint-Tropez","publisher":{"@id":"https:\/\/www.lacroixvalmertourisme.com\/fr\/#organization"},"potentialAction":[{"@type":"SearchAction","target":{"@type":"EntryPoint","urlTemplate":"https:\/\/www.lacroixvalmertourisme.com\/fr\/?s={search_term_string}"},"query-input":{"@type":"PropertyValueSpecification","valueRequired":true,"valueName":"search_term_string"}}],"inLanguage":"fr-FR"},{"@type":"Organization","@id":"https:\/\/www.lacroixvalmertourisme.com\/fr\/#organization","name":"Office de Tourisme de La Croix Valmer","url":"https:\/\/www.lacroixvalmertourisme.com\/fr\/","logo":{"@type":"ImageObject","inLanguage":"fr-FR","@id":"https:\/\/www.lacroixvalmertourisme.com\/fr\/#\/schema\/logo\/image\/","url":"https:\/\/www.lacroixvalmertourisme.com\/wp-content\/uploads\/2021\/06\/Logo_ot_bleu.png","contentUrl":"https:\/\/www.lacroixvalmertourisme.com\/wp-content\/uploads\/2021\/06\/Logo_ot_bleu.png","width":591,"height":454,"caption":"Office de Tourisme de La Croix Valmer"},"image":{"@id":"https:\/\/www.lacroixvalmertourisme.com\/fr\/#\/schema\/logo\/image\/"},"sameAs":["https:\/\/www.facebook.com\/lacroixvalmertourisme\/","https:\/\/x.com\/La_Croix_Valmer","https:\/\/www.instagram.com\/lacroixvalmer_tourisme\/"]},{"@type":"Person","@id":"https:\/\/www.lacroixvalmertourisme.com\/fr\/#\/schema\/person\/44310c213be76e8f02a9ae1dedf46eb4","name":"Juliette Piotrowski","image":{"@type":"ImageObject","inLanguage":"fr-FR","@id":"https:\/\/secure.gravatar.com\/avatar\/d3e343184ccb3908edb64ce37309180c3767a5e6a7601bc35300cfa22acb078f?s=96&d=mm&r=g","url":"https:\/\/secure.gravatar.com\/avatar\/d3e343184ccb3908edb64ce37309180c3767a5e6a7601bc35300cfa22acb078f?s=96&d=mm&r=g","contentUrl":"https:\/\/secure.gravatar.com\/avatar\/d3e343184ccb3908edb64ce37309180c3767a5e6a7601bc35300cfa22acb078f?s=96&d=mm&r=g","caption":"Juliette Piotrowski"},"url":"https:\/\/www.lacroixvalmertourisme.com\/fr\/author\/juliette-piotrowski"}]}},"publishpress_future_workflow_manual_trigger":{"enabledWorkflows":[]},"_links":{"self":[{"href":"https:\/\/www.lacroixvalmertourisme.com\/fr\/wp-json\/wp\/v2\/posts\/24306","targetHints":{"allow":["GET"]}}],"collection":[{"href":"https:\/\/www.lacroixvalmertourisme.com\/fr\/wp-json\/wp\/v2\/posts"}],"about":[{"href":"https:\/\/www.lacroixvalmertourisme.com\/fr\/wp-json\/wp\/v2\/types\/post"}],"author":[{"embeddable":true,"href":"https:\/\/www.lacroixvalmertourisme.com\/fr\/wp-json\/wp\/v2\/users\/4"}],"replies":[{"embeddable":true,"href":"https:\/\/www.lacroixvalmertourisme.com\/fr\/wp-json\/wp\/v2\/comments?post=24306"}],"version-history":[{"count":6,"href":"https:\/\/www.lacroixvalmertourisme.com\/fr\/wp-json\/wp\/v2\/posts\/24306\/revisions"}],"predecessor-version":[{"id":25361,"href":"https:\/\/www.lacroixvalmertourisme.com\/fr\/wp-json\/wp\/v2\/posts\/24306\/revisions\/25361"}],"wp:featuredmedia":[{"embeddable":true,"href":"https:\/\/www.lacroixvalmertourisme.com\/fr\/wp-json\/wp\/v2\/media\/24307"}],"wp:attachment":[{"href":"https:\/\/www.lacroixvalmertourisme.com\/fr\/wp-json\/wp\/v2\/media?parent=24306"}],"wp:term":[{"taxonomy":"category","embeddable":true,"href":"https:\/\/www.lacroixvalmertourisme.com\/fr\/wp-json\/wp\/v2\/categories?post=24306"},{"taxonomy":"post_tag","embeddable":true,"href":"https:\/\/www.lacroixvalmertourisme.com\/fr\/wp-json\/wp\/v2\/tags?post=24306"}],"curies":[{"name":"wp","href":"https:\/\/api.w.org\/{rel}","templated":true}]}}